{"id":1406,"date":"2022-11-14T08:46:28","date_gmt":"2022-11-14T07:46:28","guid":{"rendered":"https:\/\/joycarmotor.com\/?p=1406"},"modified":"2022-11-15T18:40:54","modified_gmt":"2022-11-15T17:40:54","slug":"si-tu-coche-no-tiene-etiqueta-ambiental-no-podra-circular-en-la-ciudad-de-murcia-en-2023-2","status":"publish","type":"post","link":"https:\/\/joycarmotor.com\/index.php\/2022\/11\/14\/si-tu-coche-no-tiene-etiqueta-ambiental-no-podra-circular-en-la-ciudad-de-murcia-en-2023-2\/","title":{"rendered":"Si tu coche no tiene etiqueta ambiental no podr\u00e1 circular en la ciudad de Murcia en 2023"},"content":{"rendered":"\t\t<div data-elementor-type=\"wp-post\" data-elementor-id=\"1406\" class=\"elementor elementor-1406\">\n\t\t\t\t\t\t\t\t\t<section class=\"elementor-section elementor-top-section elementor-element elementor-element-f086e60 elementor-section-boxed elementor-section-height-default elementor-section-height-default\" data-id=\"f086e60\" data-element_type=\"section\">\n\t\t\t\t\t\t<div class=\"elementor-container elementor-column-gap-default\">\n\t\t\t\t\t<div class=\"elementor-column elementor-col-100 elementor-top-column elementor-element elementor-element-af7fe32\" data-id=\"af7fe32\" data-element_type=\"column\">\n\t\t\t<div class=\"elementor-widget-wrap elementor-element-populated\">\n\t\t\t\t\t\t\t\t<section class=\"elementor-section elementor-inner-section elementor-element elementor-element-10e090c elementor-section-boxed elementor-section-height-default elementor-section-height-default\" data-id=\"10e090c\" data-element_type=\"section\">\n\t\t\t\t\t\t<div class=\"elementor-container elementor-column-gap-default\">\n\t\t\t\t\t<div class=\"elementor-column elementor-col-50 elementor-inner-column elementor-element elementor-element-3cc06de\" data-id=\"3cc06de\" data-element_type=\"column\">\n\t\t\t<div class=\"elementor-widget-wrap elementor-element-populated\">\n\t\t\t\t\t\t\t\t<div class=\"elementor-element elementor-element-3848a6c elementor-widget elementor-widget-text-editor\" data-id=\"3848a6c\" data-element_type=\"widget\" data-widget_type=\"text-editor.default\">\n\t\t\t\t<div class=\"elementor-widget-container\">\n\t\t\t<style>\/*! elementor - v3.16.0 - 13-09-2023 *\/\n.elementor-widget-text-editor.elementor-drop-cap-view-stacked .elementor-drop-cap{background-color:#69727d;color:#fff}.elementor-widget-text-editor.elementor-drop-cap-view-framed .elementor-drop-cap{color:#69727d;border:3px solid;background-color:transparent}.elementor-widget-text-editor:not(.elementor-drop-cap-view-default) .elementor-drop-cap{margin-top:8px}.elementor-widget-text-editor:not(.elementor-drop-cap-view-default) .elementor-drop-cap-letter{width:1em;height:1em}.elementor-widget-text-editor .elementor-drop-cap{float:left;text-align:center;line-height:1;font-size:50px}.elementor-widget-text-editor .elementor-drop-cap-letter{display:inline-block}<\/style>\t\t\t\t<p>En <b>Murcia<\/b> al ser un <b>municipio de m\u00e1s de 50.000<\/b> habitantes tendr\u00e1 que disponer una zona acotada de bajas emisiones durante el a\u00f1o 2023, as\u00ed lo dicta la Ley de Cambio Clim\u00e1tico y Transici\u00f3n Energ\u00e9tica. Las <b>Zonas de Bajas Emisiones<\/b> son aquellas \u00e1reas en ciudad por las que s\u00f3lo podr\u00e1n circular veh\u00edculo poco contaminantes. De esta manera s\u00f3lo podr\u00e1n circular aquellos veh\u00edculos que garanticen que sus emisiones contaminantes no son significativas para el medio ambiente.<\/p><p>Desde la Direcci\u00f3n General de Tr\u00e1fico, se indica e informa que la etiqueta ambiental es un buen modo de cribar los veh\u00edculos en funci\u00f3n de su eficiencia energ\u00e9tica seg\u00fan su impacto medioambiental.<\/p><p>La adquisici\u00f3n y compra de los distintivos ambientales puede realizarse a trav\u00e9s de: Oficinas de Correos, la red de talleres de la Confederaci\u00f3n Espa\u00f1ola de talleres (CETRAA) y otras redes de talleres autorizados, Gestores Administrativos, el Instituto de Estudios de Automoci\u00f3n (IDEAUTO) y para el caso de flotas, puedes obtener los distintivos a trav\u00e9s de la asociaci\u00f3n Ganvam (Grupo Aut\u00f3nomo Nacional de Vendedores de Autom\u00f3viles, Camiones y Motocicletas).<\/p><p>Existen cuatro distintivos ambientales clasificatorios y graduar\u00e1n el 50% del parque de veh\u00edculos m\u00e1s eficiente. De mayor a menor eficiencia ser\u00edan:<\/p>\t\t\t\t\t\t<\/div>\n\t\t\t\t<\/div>\n\t\t\t\t\t<\/div>\n\t\t<\/div>\n\t\t\t\t<div class=\"elementor-column elementor-col-50 elementor-inner-column elementor-element elementor-element-ecf5f24\" data-id=\"ecf5f24\" data-element_type=\"column\">\n\t\t\t<div class=\"elementor-widget-wrap elementor-element-populated\">\n\t\t\t\t\t\t\t\t<div class=\"elementor-element elementor-element-5fead20 elementor-widget elementor-widget-text-editor\" data-id=\"5fead20\" data-element_type=\"widget\" data-widget_type=\"text-editor.default\">\n\t\t\t\t<div class=\"elementor-widget-container\">\n\t\t\t\t\t\t\t<ul><li><u><b>Etiqueta Cero emisiones, Azul<\/b><\/u>: Identifica a los veh\u00edculos m\u00e1s eficientes. Tendr\u00e1n derecho a esta etiqueta el\u00e9ctricos de bater\u00eda (BEV) , el\u00e9ctricos de autonom\u00eda extendida (REEV), el\u00e9ctricos h\u00edbridos enchufables (PHEV) con una autonom\u00eda de 40 km o veh\u00edculos de pila de combustible.<\/li><li><u><b>Etiqueta Eco<\/b>:\u00a0<\/u>Los siguientes en el escal\u00f3n de eficiencia, se trata en su mayor\u00eda de veh\u00edculos h\u00edbridos, gas o ambos. Tendr\u00e1n derecho a esta etiqueta el\u00e9ctricos enchufables con autonom\u00eda inferior a 40 km, h\u00edbridos no enchufables (HEV), veh\u00edculos propulsados por gas natural y gas (GNC y GNL) o gas licuado del petr\u00f3leo (GLP). Deben cumplir los criterios de la etiqueta C.<\/li><li><u><b>Etiqueta C, Verde<\/b>:<\/u>\u00a0Veh\u00edculos de combusti\u00f3n interna que cumplen con las \u00faltimas emisiones EURO. Tendr\u00e1n derecho a esta etiqueta turismos y furgonetas ligeras de gasolina matriculadas a partir de enero de 2006 y di\u00e9sel a partir de septiembre de 2015. Veh\u00edculos de m\u00e1s de 8 plazas y pesados tanto de gasolina como di\u00e9sel, matriculados desde 2014.<\/li><li><u><b>Etiqueta B, Amarilla<\/b>:<\/u>\u00a0Veh\u00edculos de combusti\u00f3n interna que si bien no cumplen con las \u00faltimas especificaciones de las emisiones EURO, s\u00ed que lo hacen con anteriores. Tendr\u00e1n derecho a esta etiqueta turismos y furgonetas ligeras de gasolina matriculadas desde el 1 de enero de 2001 y di\u00e9sel a partir de 2006. Veh\u00edculos de m\u00e1s de 8 plazas y pesados tanto de gasolina como di\u00e9sel, matriculados desde 2006.<\/li><\/ul>\t\t\t\t\t\t<\/div>\n\t\t\t\t<\/div>\n\t\t\t\t\t<\/div>\n\t\t<\/div>\n\t\t\t\t\t\t\t<\/div>\n\t\t<\/section>\n\t\t\t\t\t<\/div>\n\t\t<\/div>\n\t\t\t\t\t\t\t<\/div>\n\t\t<\/section>\n\t\t\t\t<section class=\"elementor-section elementor-top-section elementor-element elementor-element-d211bf7 elementor-section-boxed elementor-section-height-default elementor-section-height-default\" data-id=\"d211bf7\" data-element_type=\"section\">\n\t\t\t\t\t\t<div class=\"elementor-container elementor-column-gap-default\">\n\t\t\t\t\t<div class=\"elementor-column elementor-col-100 elementor-top-column elementor-element elementor-element-d2f80e5\" data-id=\"d2f80e5\" data-element_type=\"column\">\n\t\t\t<div class=\"elementor-widget-wrap elementor-element-populated\">\n\t\t\t\t\t\t\t\t<section class=\"elementor-section elementor-inner-section elementor-element elementor-element-38f4967 elementor-section-boxed elementor-section-height-default elementor-section-height-default\" data-id=\"38f4967\" data-element_type=\"section\">\n\t\t\t\t\t\t<div class=\"elementor-container elementor-column-gap-default\">\n\t\t\t\t\t<div class=\"elementor-column elementor-col-100 elementor-inner-column elementor-element elementor-element-5c9f3f6\" data-id=\"5c9f3f6\" data-element_type=\"column\">\n\t\t\t<div class=\"elementor-widget-wrap elementor-element-populated\">\n\t\t\t\t\t\t\t\t<div class=\"elementor-element elementor-element-5bc6867 elementor-widget elementor-widget-text-editor\" data-id=\"5bc6867\" data-element_type=\"widget\" data-widget_type=\"text-editor.default\">\n\t\t\t\t<div class=\"elementor-widget-container\">\n\t\t\t\t\t\t\t<p>El resto de los veh\u00edculos, <b>el 50% m\u00e1s contaminante, no tiene derecho a ning\u00fan tipo de distintivo<\/b> al no cumplir los requisitos para ser etiquetado como veh\u00edculo limpio.<\/p>\t\t\t\t\t\t<\/div>\n\t\t\t\t<\/div>\n\t\t\t\t\t<\/div>\n\t\t<\/div>\n\t\t\t\t\t\t\t<\/div>\n\t\t<\/section>\n\t\t\t\t<section class=\"elementor-section elementor-inner-section elementor-element elementor-element-a0a5772 elementor-section-boxed elementor-section-height-default elementor-section-height-default\" data-id=\"a0a5772\" data-element_type=\"section\">\n\t\t\t\t\t\t<div class=\"elementor-container elementor-column-gap-default\">\n\t\t\t\t\t<div class=\"elementor-column elementor-col-100 elementor-inner-column elementor-element elementor-element-a70312e\" data-id=\"a70312e\" data-element_type=\"column\">\n\t\t\t<div class=\"elementor-widget-wrap elementor-element-populated\">\n\t\t\t\t\t\t\t\t<div class=\"elementor-element elementor-element-15751a2 elementor-widget elementor-widget-text-editor\" data-id=\"15751a2\" data-element_type=\"widget\" data-widget_type=\"text-editor.default\">\n\t\t\t\t<div class=\"elementor-widget-container\">\n\t\t\t\t\t\t\t<p>El Ayuntamiento de Murcia todav\u00eda no ha definido las \u00e1reas de la ciudad que se van a ver afectadas por las restricciones al tr\u00e1fico rodado. Todav\u00eda est\u00e1 en la fase del dise\u00f1o de su \u00e1rea perimetral, pero s\u00ed est\u00e1 dando varios pasos para facilitar la movilidad sostenible.<\/p>\t\t\t\t\t\t<\/div>\n\t\t\t\t<\/div>\n\t\t\t\t\t<\/div>\n\t\t<\/div>\n\t\t\t\t\t\t\t<\/div>\n\t\t<\/section>\n\t\t\t\t<section class=\"elementor-section elementor-inner-section elementor-element elementor-element-126ce2c elementor-section-boxed elementor-section-height-default elementor-section-height-default\" data-id=\"126ce2c\" data-element_type=\"section\">\n\t\t\t\t\t\t<div class=\"elementor-container elementor-column-gap-default\">\n\t\t\t\t\t<div class=\"elementor-column elementor-col-100 elementor-inner-column elementor-element elementor-element-0a87577\" data-id=\"0a87577\" data-element_type=\"column\">\n\t\t\t<div class=\"elementor-widget-wrap elementor-element-populated\">\n\t\t\t\t\t\t\t\t<div class=\"elementor-element elementor-element-2125c07 elementor-widget elementor-widget-text-editor\" data-id=\"2125c07\" data-element_type=\"widget\" data-widget_type=\"text-editor.default\">\n\t\t\t\t<div class=\"elementor-widget-container\">\n\t\t\t\t\t\t\t<p>La cuesti\u00f3n es que no s\u00f3lo la ciudad de <b>Murcia<\/b> estar\u00e1 supeditada a ir incorporando m\u00e1s y m\u00e1s medidas para controlar el tr\u00e1fico rodado, sino que <b>Cartagena<\/b>, <b>Lorca, Molina de Segura<\/b> y <b>\u00c1guilas<\/b>, tambi\u00e9n se suman ya a facilitar el uso peatonal en los centro urbanos y cascos hist\u00f3ricos con varias medidas como carriles bici, ampliaci\u00f3n de aceras o la incorporaci\u00f3n de c\u00e1maras y kil\u00f3metros de fibra \u00f3ptica con sensores medioambietales.<\/p>\t\t\t\t\t\t<\/div>\n\t\t\t\t<\/div>\n\t\t\t\t\t<\/div>\n\t\t<\/div>\n\t\t\t\t\t\t\t<\/div>\n\t\t<\/section>\n\t\t\t\t\t<\/div>\n\t\t<\/div>\n\t\t\t\t\t\t\t<\/div>\n\t\t<\/section>\n\t\t\t\t\t\t\t<\/div>\n\t\t","protected":false},"excerpt":{"rendered":"<p>En Murcia al ser un municipio de m\u00e1s de 50.000 habitantes tendr\u00e1 que disponer una zona acotada de bajas emisiones durante el a\u00f1o 2023, as\u00ed lo dicta la Ley de Cambio Clim\u00e1tico y Transici\u00f3n Energ\u00e9tica. Las Zonas de Bajas Emisiones son aquellas \u00e1reas en ciudad por las que s\u00f3lo podr\u00e1n circular veh\u00edculo poco contaminantes. De &hellip;<\/p>\n<p class=\"read-more\"> <a class=\"\" href=\"https:\/\/joycarmotor.com\/index.php\/2022\/11\/14\/si-tu-coche-no-tiene-etiqueta-ambiental-no-podra-circular-en-la-ciudad-de-murcia-en-2023-2\/\"> <span class=\"screen-reader-text\">Si tu coche no tiene etiqueta ambiental no podr\u00e1 circular en la ciudad de Murcia en 2023<\/span> Leer m\u00e1s &raquo;<\/a><\/p>\n","protected":false},"author":1,"featured_media":1383,"comment_status":"closed","ping_status":"open","sticky":false,"template":"","format":"standard","meta":{"site-sidebar-layout":"default","site-content-layout":"","ast-site-content-layout":"","site-content-style":"default","site-sidebar-style":"default","ast-global-header-display":"","ast-banner-title-visibility":"","ast-main-header-display":"","ast-hfb-above-header-display":"","ast-hfb-below-header-display":"","ast-hfb-mobile-header-display":"","site-post-title":"","ast-breadcrumbs-content":"","ast-featured-img":"","footer-sml-layout":"","theme-transparent-header-meta":"","adv-header-id-meta":"","stick-header-meta":"","header-above-stick-meta":"","header-main-stick-meta":"","header-below-stick-meta":"","astra-migrate-meta-layouts":"","footnotes":""},"categories":[11],"tags":[15,13,14,12],"class_list":["post-1406","post","type-post","status-publish","format-standard","has-post-thumbnail","hentry","category-noticias","tag-actualidad","tag-invicta-electric-murcia","tag-joycar-motor","tag-noticias"],"yoast_head":"<!-- This site is optimized with the Yoast SEO plugin v21.0 - https:\/\/yoast.com\/wordpress\/plugins\/seo\/ -->\n<title>Si tu coche no tiene etiqueta ambiental no podr\u00e1 circular en la ciudad de Murcia en 2023 - Joycar Motor<\/title>\n<meta name=\"robots\" content=\"index, follow, max-snippet:-1, max-image-preview:large, max-video-preview:-1\" \/>\n<link rel=\"canonical\" href=\"https:\/\/joycarmotor.com\/index.php\/2022\/11\/14\/si-tu-coche-no-tiene-etiqueta-ambiental-no-podra-circular-en-la-ciudad-de-murcia-en-2023-2\/\" \/>\n<meta property=\"og:locale\" content=\"es_ES\" \/>\n<meta property=\"og:type\" content=\"article\" \/>\n<meta property=\"og:title\" content=\"Si tu coche no tiene etiqueta ambiental no podr\u00e1 circular en la ciudad de Murcia en 2023 - Joycar Motor\" \/>\n<meta property=\"og:description\" content=\"En Murcia al ser un municipio de m\u00e1s de 50.000 habitantes tendr\u00e1 que disponer una zona acotada de bajas emisiones durante el a\u00f1o 2023, as\u00ed lo dicta la Ley de Cambio Clim\u00e1tico y Transici\u00f3n Energ\u00e9tica. Las Zonas de Bajas Emisiones son aquellas \u00e1reas en ciudad por las que s\u00f3lo podr\u00e1n circular veh\u00edculo poco contaminantes. De &hellip; Si tu coche no tiene etiqueta ambiental no podr\u00e1 circular en la ciudad de Murcia en 2023 Leer m\u00e1s &raquo;\" \/>\n<meta property=\"og:url\" content=\"https:\/\/joycarmotor.com\/index.php\/2022\/11\/14\/si-tu-coche-no-tiene-etiqueta-ambiental-no-podra-circular-en-la-ciudad-de-murcia-en-2023-2\/\" \/>\n<meta property=\"og:site_name\" content=\"Joycar Motor\" \/>\n<meta property=\"article:publisher\" content=\"https:\/\/www.facebook.com\/InvictaElectricMurcia\" \/>\n<meta property=\"article:published_time\" content=\"2022-11-14T07:46:28+00:00\" \/>\n<meta property=\"article:modified_time\" content=\"2022-11-15T17:40:54+00:00\" \/>\n<meta property=\"og:image\" content=\"https:\/\/joycarmotor.com\/wp-content\/uploads\/2022\/11\/PEGATINAS-JUNTAS.jpg\" \/>\n\t<meta property=\"og:image:width\" content=\"1656\" \/>\n\t<meta property=\"og:image:height\" content=\"414\" \/>\n\t<meta property=\"og:image:type\" content=\"image\/jpeg\" \/>\n<meta name=\"author\" content=\"Joycar Motor\" \/>\n<meta name=\"twitter:card\" content=\"summary_large_image\" \/>\n<meta name=\"twitter:creator\" content=\"@InvictaMurcia\" \/>\n<meta name=\"twitter:site\" content=\"@InvictaMurcia\" \/>\n<meta name=\"twitter:label1\" content=\"Escrito por\" \/>\n\t<meta name=\"twitter:data1\" content=\"Joycar Motor\" \/>\n\t<meta name=\"twitter:label2\" content=\"Tiempo de lectura\" \/>\n\t<meta name=\"twitter:data2\" content=\"3 minutos\" \/>\n<script type=\"application\/ld+json\" class=\"yoast-schema-graph\">{\"@context\":\"https:\/\/schema.org\",\"@graph\":[{\"@type\":\"Article\",\"@id\":\"https:\/\/joycarmotor.com\/index.php\/2022\/11\/14\/si-tu-coche-no-tiene-etiqueta-ambiental-no-podra-circular-en-la-ciudad-de-murcia-en-2023-2\/#article\",\"isPartOf\":{\"@id\":\"https:\/\/joycarmotor.com\/index.php\/2022\/11\/14\/si-tu-coche-no-tiene-etiqueta-ambiental-no-podra-circular-en-la-ciudad-de-murcia-en-2023-2\/\"},\"author\":{\"name\":\"Joycar Motor\",\"@id\":\"https:\/\/joycarmotor.com\/#\/schema\/person\/9faee967abe807796cb22f6197af3293\"},\"headline\":\"Si tu coche no tiene etiqueta ambiental no podr\u00e1 circular en la ciudad de Murcia en 2023\",\"datePublished\":\"2022-11-14T07:46:28+00:00\",\"dateModified\":\"2022-11-15T17:40:54+00:00\",\"mainEntityOfPage\":{\"@id\":\"https:\/\/joycarmotor.com\/index.php\/2022\/11\/14\/si-tu-coche-no-tiene-etiqueta-ambiental-no-podra-circular-en-la-ciudad-de-murcia-en-2023-2\/\"},\"wordCount\":651,\"publisher\":{\"@id\":\"https:\/\/joycarmotor.com\/#organization\"},\"keywords\":[\"actualidad\",\"Invicta Electric Murcia\",\"Joycar Motor\",\"noticias\"],\"articleSection\":[\"Noticias\"],\"inLanguage\":\"es\"},{\"@type\":\"WebPage\",\"@id\":\"https:\/\/joycarmotor.com\/index.php\/2022\/11\/14\/si-tu-coche-no-tiene-etiqueta-ambiental-no-podra-circular-en-la-ciudad-de-murcia-en-2023-2\/\",\"url\":\"https:\/\/joycarmotor.com\/index.php\/2022\/11\/14\/si-tu-coche-no-tiene-etiqueta-ambiental-no-podra-circular-en-la-ciudad-de-murcia-en-2023-2\/\",\"name\":\"Si tu coche no tiene etiqueta ambiental no podr\u00e1 circular en la ciudad de Murcia en 2023 - Joycar Motor\",\"isPartOf\":{\"@id\":\"https:\/\/joycarmotor.com\/#website\"},\"datePublished\":\"2022-11-14T07:46:28+00:00\",\"dateModified\":\"2022-11-15T17:40:54+00:00\",\"breadcrumb\":{\"@id\":\"https:\/\/joycarmotor.com\/index.php\/2022\/11\/14\/si-tu-coche-no-tiene-etiqueta-ambiental-no-podra-circular-en-la-ciudad-de-murcia-en-2023-2\/#breadcrumb\"},\"inLanguage\":\"es\",\"potentialAction\":[{\"@type\":\"ReadAction\",\"target\":[\"https:\/\/joycarmotor.com\/index.php\/2022\/11\/14\/si-tu-coche-no-tiene-etiqueta-ambiental-no-podra-circular-en-la-ciudad-de-murcia-en-2023-2\/\"]}]},{\"@type\":\"BreadcrumbList\",\"@id\":\"https:\/\/joycarmotor.com\/index.php\/2022\/11\/14\/si-tu-coche-no-tiene-etiqueta-ambiental-no-podra-circular-en-la-ciudad-de-murcia-en-2023-2\/#breadcrumb\",\"itemListElement\":[{\"@type\":\"ListItem\",\"position\":1,\"name\":\"Portada\",\"item\":\"https:\/\/joycarmotor.com\/\"},{\"@type\":\"ListItem\",\"position\":2,\"name\":\"Si tu coche no tiene etiqueta ambiental no podr\u00e1 circular en la ciudad de Murcia en 2023\"}]},{\"@type\":\"WebSite\",\"@id\":\"https:\/\/joycarmotor.com\/#website\",\"url\":\"https:\/\/joycarmotor.com\/\",\"name\":\"Joycar Motor\",\"description\":\"Veh\u00edculos adaptados a ti - Veh\u00edculos El\u00e9ctricos en Murcia\",\"publisher\":{\"@id\":\"https:\/\/joycarmotor.com\/#organization\"},\"potentialAction\":[{\"@type\":\"SearchAction\",\"target\":{\"@type\":\"EntryPoint\",\"urlTemplate\":\"https:\/\/joycarmotor.com\/?s={search_term_string}\"},\"query-input\":\"required name=search_term_string\"}],\"inLanguage\":\"es\"},{\"@type\":\"Organization\",\"@id\":\"https:\/\/joycarmotor.com\/#organization\",\"name\":\"Joycar Motor\",\"alternateName\":\"Invicta Electric by Joycar Motor\",\"url\":\"https:\/\/joycarmotor.com\/\",\"logo\":{\"@type\":\"ImageObject\",\"inLanguage\":\"es\",\"@id\":\"https:\/\/joycarmotor.com\/#\/schema\/logo\/image\/\",\"url\":\"https:\/\/joycarmotor.com\/wp-content\/uploads\/2022\/04\/cropped-LOGO_JOYCARMOTOR_1x1_icon-1.png\",\"contentUrl\":\"https:\/\/joycarmotor.com\/wp-content\/uploads\/2022\/04\/cropped-LOGO_JOYCARMOTOR_1x1_icon-1.png\",\"width\":221,\"height\":221,\"caption\":\"Joycar Motor\"},\"image\":{\"@id\":\"https:\/\/joycarmotor.com\/#\/schema\/logo\/image\/\"},\"sameAs\":[\"https:\/\/www.facebook.com\/InvictaElectricMurcia\",\"https:\/\/twitter.com\/InvictaMurcia\"]},{\"@type\":\"Person\",\"@id\":\"https:\/\/joycarmotor.com\/#\/schema\/person\/9faee967abe807796cb22f6197af3293\",\"name\":\"Joycar Motor\",\"image\":{\"@type\":\"ImageObject\",\"inLanguage\":\"es\",\"@id\":\"https:\/\/joycarmotor.com\/#\/schema\/person\/image\/\",\"url\":\"https:\/\/secure.gravatar.com\/avatar\/9302179d4184a1954d9d1df70343eaf1061bc10c54f922b250d0efb3ace2ce63?s=96&d=mm&r=g\",\"contentUrl\":\"https:\/\/secure.gravatar.com\/avatar\/9302179d4184a1954d9d1df70343eaf1061bc10c54f922b250d0efb3ace2ce63?s=96&d=mm&r=g\",\"caption\":\"Joycar Motor\"},\"sameAs\":[\"http:\/\/joycarmotor.com\"],\"url\":\"https:\/\/joycarmotor.com\/index.php\/author\/admin6598\/\"}]}<\/script>\n<!-- \/ Yoast SEO plugin. -->","yoast_head_json":{"title":"Si tu coche no tiene etiqueta ambiental no podr\u00e1 circular en la ciudad de Murcia en 2023 - Joycar Motor","robots":{"index":"index","follow":"follow","max-snippet":"max-snippet:-1","max-image-preview":"max-image-preview:large","max-video-preview":"max-video-preview:-1"},"canonical":"https:\/\/joycarmotor.com\/index.php\/2022\/11\/14\/si-tu-coche-no-tiene-etiqueta-ambiental-no-podra-circular-en-la-ciudad-de-murcia-en-2023-2\/","og_locale":"es_ES","og_type":"article","og_title":"Si tu coche no tiene etiqueta ambiental no podr\u00e1 circular en la ciudad de Murcia en 2023 - Joycar Motor","og_description":"En Murcia al ser un municipio de m\u00e1s de 50.000 habitantes tendr\u00e1 que disponer una zona acotada de bajas emisiones durante el a\u00f1o 2023, as\u00ed lo dicta la Ley de Cambio Clim\u00e1tico y Transici\u00f3n Energ\u00e9tica. Las Zonas de Bajas Emisiones son aquellas \u00e1reas en ciudad por las que s\u00f3lo podr\u00e1n circular veh\u00edculo poco contaminantes. De &hellip; Si tu coche no tiene etiqueta ambiental no podr\u00e1 circular en la ciudad de Murcia en 2023 Leer m\u00e1s &raquo;","og_url":"https:\/\/joycarmotor.com\/index.php\/2022\/11\/14\/si-tu-coche-no-tiene-etiqueta-ambiental-no-podra-circular-en-la-ciudad-de-murcia-en-2023-2\/","og_site_name":"Joycar Motor","article_publisher":"https:\/\/www.facebook.com\/InvictaElectricMurcia","article_published_time":"2022-11-14T07:46:28+00:00","article_modified_time":"2022-11-15T17:40:54+00:00","og_image":[{"width":1656,"height":414,"url":"https:\/\/joycarmotor.com\/wp-content\/uploads\/2022\/11\/PEGATINAS-JUNTAS.jpg","type":"image\/jpeg"}],"author":"Joycar Motor","twitter_card":"summary_large_image","twitter_creator":"@InvictaMurcia","twitter_site":"@InvictaMurcia","twitter_misc":{"Escrito por":"Joycar Motor","Tiempo de lectura":"3 minutos"},"schema":{"@context":"https:\/\/schema.org","@graph":[{"@type":"Article","@id":"https:\/\/joycarmotor.com\/index.php\/2022\/11\/14\/si-tu-coche-no-tiene-etiqueta-ambiental-no-podra-circular-en-la-ciudad-de-murcia-en-2023-2\/#article","isPartOf":{"@id":"https:\/\/joycarmotor.com\/index.php\/2022\/11\/14\/si-tu-coche-no-tiene-etiqueta-ambiental-no-podra-circular-en-la-ciudad-de-murcia-en-2023-2\/"},"author":{"name":"Joycar Motor","@id":"https:\/\/joycarmotor.com\/#\/schema\/person\/9faee967abe807796cb22f6197af3293"},"headline":"Si tu coche no tiene etiqueta ambiental no podr\u00e1 circular en la ciudad de Murcia en 2023","datePublished":"2022-11-14T07:46:28+00:00","dateModified":"2022-11-15T17:40:54+00:00","mainEntityOfPage":{"@id":"https:\/\/joycarmotor.com\/index.php\/2022\/11\/14\/si-tu-coche-no-tiene-etiqueta-ambiental-no-podra-circular-en-la-ciudad-de-murcia-en-2023-2\/"},"wordCount":651,"publisher":{"@id":"https:\/\/joycarmotor.com\/#organization"},"keywords":["actualidad","Invicta Electric Murcia","Joycar Motor","noticias"],"articleSection":["Noticias"],"inLanguage":"es"},{"@type":"WebPage","@id":"https:\/\/joycarmotor.com\/index.php\/2022\/11\/14\/si-tu-coche-no-tiene-etiqueta-ambiental-no-podra-circular-en-la-ciudad-de-murcia-en-2023-2\/","url":"https:\/\/joycarmotor.com\/index.php\/2022\/11\/14\/si-tu-coche-no-tiene-etiqueta-ambiental-no-podra-circular-en-la-ciudad-de-murcia-en-2023-2\/","name":"Si tu coche no tiene etiqueta ambiental no podr\u00e1 circular en la ciudad de Murcia en 2023 - Joycar Motor","isPartOf":{"@id":"https:\/\/joycarmotor.com\/#website"},"datePublished":"2022-11-14T07:46:28+00:00","dateModified":"2022-11-15T17:40:54+00:00","breadcrumb":{"@id":"https:\/\/joycarmotor.com\/index.php\/2022\/11\/14\/si-tu-coche-no-tiene-etiqueta-ambiental-no-podra-circular-en-la-ciudad-de-murcia-en-2023-2\/#breadcrumb"},"inLanguage":"es","potentialAction":[{"@type":"ReadAction","target":["https:\/\/joycarmotor.com\/index.php\/2022\/11\/14\/si-tu-coche-no-tiene-etiqueta-ambiental-no-podra-circular-en-la-ciudad-de-murcia-en-2023-2\/"]}]},{"@type":"BreadcrumbList","@id":"https:\/\/joycarmotor.com\/index.php\/2022\/11\/14\/si-tu-coche-no-tiene-etiqueta-ambiental-no-podra-circular-en-la-ciudad-de-murcia-en-2023-2\/#breadcrumb","itemListElement":[{"@type":"ListItem","position":1,"name":"Portada","item":"https:\/\/joycarmotor.com\/"},{"@type":"ListItem","position":2,"name":"Si tu coche no tiene etiqueta ambiental no podr\u00e1 circular en la ciudad de Murcia en 2023"}]},{"@type":"WebSite","@id":"https:\/\/joycarmotor.com\/#website","url":"https:\/\/joycarmotor.com\/","name":"Joycar Motor","description":"Veh\u00edculos adaptados a ti - Veh\u00edculos El\u00e9ctricos en Murcia","publisher":{"@id":"https:\/\/joycarmotor.com\/#organization"},"potentialAction":[{"@type":"SearchAction","target":{"@type":"EntryPoint","urlTemplate":"https:\/\/joycarmotor.com\/?s={search_term_string}"},"query-input":"required name=search_term_string"}],"inLanguage":"es"},{"@type":"Organization","@id":"https:\/\/joycarmotor.com\/#organization","name":"Joycar Motor","alternateName":"Invicta Electric by Joycar Motor","url":"https:\/\/joycarmotor.com\/","logo":{"@type":"ImageObject","inLanguage":"es","@id":"https:\/\/joycarmotor.com\/#\/schema\/logo\/image\/","url":"https:\/\/joycarmotor.com\/wp-content\/uploads\/2022\/04\/cropped-LOGO_JOYCARMOTOR_1x1_icon-1.png","contentUrl":"https:\/\/joycarmotor.com\/wp-content\/uploads\/2022\/04\/cropped-LOGO_JOYCARMOTOR_1x1_icon-1.png","width":221,"height":221,"caption":"Joycar Motor"},"image":{"@id":"https:\/\/joycarmotor.com\/#\/schema\/logo\/image\/"},"sameAs":["https:\/\/www.facebook.com\/InvictaElectricMurcia","https:\/\/twitter.com\/InvictaMurcia"]},{"@type":"Person","@id":"https:\/\/joycarmotor.com\/#\/schema\/person\/9faee967abe807796cb22f6197af3293","name":"Joycar Motor","image":{"@type":"ImageObject","inLanguage":"es","@id":"https:\/\/joycarmotor.com\/#\/schema\/person\/image\/","url":"https:\/\/secure.gravatar.com\/avatar\/9302179d4184a1954d9d1df70343eaf1061bc10c54f922b250d0efb3ace2ce63?s=96&d=mm&r=g","contentUrl":"https:\/\/secure.gravatar.com\/avatar\/9302179d4184a1954d9d1df70343eaf1061bc10c54f922b250d0efb3ace2ce63?s=96&d=mm&r=g","caption":"Joycar Motor"},"sameAs":["http:\/\/joycarmotor.com"],"url":"https:\/\/joycarmotor.com\/index.php\/author\/admin6598\/"}]}},"rttpg_featured_image_url":{"full":["https:\/\/joycarmotor.com\/wp-content\/uploads\/2022\/11\/PEGATINAS-JUNTAS.jpg",1656,414,false],"landscape":["https:\/\/joycarmotor.com\/wp-content\/uploads\/2022\/11\/PEGATINAS-JUNTAS.jpg",1656,414,false],"portraits":["https:\/\/joycarmotor.com\/wp-content\/uploads\/2022\/11\/PEGATINAS-JUNTAS.jpg",1656,414,false],"thumbnail":["https:\/\/joycarmotor.com\/wp-content\/uploads\/2022\/11\/PEGATINAS-JUNTAS-150x150.jpg",150,150,true],"medium":["https:\/\/joycarmotor.com\/wp-content\/uploads\/2022\/11\/PEGATINAS-JUNTAS-300x75.jpg",300,75,true],"large":["https:\/\/joycarmotor.com\/wp-content\/uploads\/2022\/11\/PEGATINAS-JUNTAS-1024x256.jpg",1024,256,true],"1536x1536":["https:\/\/joycarmotor.com\/wp-content\/uploads\/2022\/11\/PEGATINAS-JUNTAS-1536x384.jpg",1536,384,true],"2048x2048":["https:\/\/joycarmotor.com\/wp-content\/uploads\/2022\/11\/PEGATINAS-JUNTAS.jpg",1656,414,false]},"rttpg_author":{"display_name":"Joycar Motor","author_link":"https:\/\/joycarmotor.com\/index.php\/author\/admin6598\/"},"rttpg_comment":0,"rttpg_category":"<a href=\"https:\/\/joycarmotor.com\/index.php\/category\/noticias\/\" rel=\"category tag\">Noticias<\/a>","rttpg_excerpt":"En Murcia al ser un municipio de m\u00e1s de 50.000 habitantes tendr\u00e1 que disponer una zona acotada de bajas emisiones durante el a\u00f1o 2023, as\u00ed lo dicta la Ley de Cambio Clim\u00e1tico y Transici\u00f3n Energ\u00e9tica. Las Zonas de Bajas Emisiones son aquellas \u00e1reas en ciudad por las que s\u00f3lo podr\u00e1n circular veh\u00edculo poco contaminantes. De&hellip;","_links":{"self":[{"href":"https:\/\/joycarmotor.com\/index.php\/wp-json\/wp\/v2\/posts\/1406","targetHints":{"allow":["GET"]}}],"collection":[{"href":"https:\/\/joycarmotor.com\/index.php\/wp-json\/wp\/v2\/posts"}],"about":[{"href":"https:\/\/joycarmotor.com\/index.php\/wp-json\/wp\/v2\/types\/post"}],"author":[{"embeddable":true,"href":"https:\/\/joycarmotor.com\/index.php\/wp-json\/wp\/v2\/users\/1"}],"replies":[{"embeddable":true,"href":"https:\/\/joycarmotor.com\/index.php\/wp-json\/wp\/v2\/comments?post=1406"}],"version-history":[{"count":3,"href":"https:\/\/joycarmotor.com\/index.php\/wp-json\/wp\/v2\/posts\/1406\/revisions"}],"predecessor-version":[{"id":1416,"href":"https:\/\/joycarmotor.com\/index.php\/wp-json\/wp\/v2\/posts\/1406\/revisions\/1416"}],"wp:featuredmedia":[{"embeddable":true,"href":"https:\/\/joycarmotor.com\/index.php\/wp-json\/wp\/v2\/media\/1383"}],"wp:attachment":[{"href":"https:\/\/joycarmotor.com\/index.php\/wp-json\/wp\/v2\/media?parent=1406"}],"wp:term":[{"taxonomy":"category","embeddable":true,"href":"https:\/\/joycarmotor.com\/index.php\/wp-json\/wp\/v2\/categories?post=1406"},{"taxonomy":"post_tag","embeddable":true,"href":"https:\/\/joycarmotor.com\/index.php\/wp-json\/wp\/v2\/tags?post=1406"}],"curies":[{"name":"wp","href":"https:\/\/api.w.org\/{rel}","templated":true}]}}